{"id":1221,"date":"2026-03-13T10:05:59","date_gmt":"2026-03-13T10:05:59","guid":{"rendered":"https:\/\/osteopata-lauriane.com\/?p=1221"},"modified":"2026-03-20T11:12:14","modified_gmt":"2026-03-20T11:12:14","slug":"ostretricia","status":"publish","type":"post","link":"https:\/\/osteopata-lauriane.com\/?p=1221","title":{"rendered":"Ostetrica Olistica e Saluto-fisiologica"},"content":{"rendered":"\n<figure class=\"wp-block-image size-large\"><img data-recalc-dims=\"1\" loading=\"lazy\" decoding=\"async\" width=\"750\" height=\"780\" src=\"https:\/\/i0.wp.com\/osteopata-lauriane.com\/wp-content\/uploads\/2026\/03\/Siria.jpeg?resize=750%2C780&#038;ssl=1\" alt=\"\" class=\"wp-image-1242\" srcset=\"https:\/\/i0.wp.com\/osteopata-lauriane.com\/wp-content\/uploads\/2026\/03\/Siria.jpeg?resize=985%2C1024&amp;ssl=1 985w, https:\/\/i0.wp.com\/osteopata-lauriane.com\/wp-content\/uploads\/2026\/03\/Siria.jpeg?resize=289%2C300&amp;ssl=1 289w, https:\/\/i0.wp.com\/osteopata-lauriane.com\/wp-content\/uploads\/2026\/03\/Siria.jpeg?resize=768%2C799&amp;ssl=1 768w, https:\/\/i0.wp.com\/osteopata-lauriane.com\/wp-content\/uploads\/2026\/03\/Siria.jpeg?w=1080&amp;ssl=1 1080w\" sizes=\"auto, (max-width: 750px) 100vw, 750px\" \/><\/figure>\n\n\n\n<p><strong><a href=\"https:\/\/msha.ke\/ostetricaselenesiria?utm_source=ig&amp;utm_medium=social&amp;utm_content=link_in_bio&amp;fbclid=PAb21jcAQhH_pleHRuA2FlbQIxMQBzcnRjBmFwcF9pZA81NjcwNjczNDMzNTI0MjcAAaeT_z6n6_WcLm-5QE7sHfgVV2kPUEdvtPFDTN36-JVbmC_zaogBafEiJq9EtA_aem_9jmaJzsxJDITq9iiVPoqlw\">Selene Siria<\/a><\/strong> Ostetrica per la nascita consapevole e rispettata.<br>Accompagna le coppie e le famiglie da pi\u00f9 di 10 anni principalmente al domicilio,<br>occupandosi di assistenza alla gravidanza fisiologica, parto a casa, puerperio, allattamento, trattamento delle cicatrici del cesareo e massaggio infantile.<\/p>\n\n\n\n<p>Dal 2019 \u00e8 Operatrice Olistica del Suono, quindi unisce il suo essere ostetrica all&#8217;arte del suono armonico ancestrale nel femminile, conducendo cerchi di donne e bagni sonori.<\/p>\n\n\n\n<p><a href=\"https:\/\/www.instagram.com\/ostetricaselenesiria?igsh=MWQycXBnaWI2cmJiMw==\">INSTAGRAM<\/a> \ud83c\udf37<\/p>\n\n\n\n<p class=\"has-text-align-center\">\ud83c\udf3f\ud83c\udf38\ud83c\udf3f<\/p>\n\n\n\n<p><strong>Ilaria Orzi<\/strong> ostetrica dal 1999, ha trascorso i suoi primi anni della sua professione in vari ospedali di Milano e provincia, ma inizio poco dopo a sentire l&#8217;esigenza di esplorare una nuova modalit\u00e0 di stare con le donne.  Cos\u00ec dopo un&#8217;esperienza in Inghilterra decide di uscire dall&#8217;ospedale perch\u00e9 non lo sente pi\u00f9 il luogo dove vuole continuare a stare.<\/p>\n\n\n\n<p>Nel 2006 inizia con la Libera Professione e per 9 anni lavora in Casa Maternit\u00e0 &#8220;La Via Lattea&#8221; di Milano, dedicandosi ad assistere le donne a 360\u00b0, seguendole in gravidanza, assistendo i parti extraospedalieri, e sostenendole nel puerperio.<\/p>\n\n\n\n<p>Dal 2014 lavora in Humanitas dove si approccia alla donna ginecologica, in ambito di prevenzione oncologica e presso il Fertility Center.<\/p>\n\n\n\n<p>Questi anni l&#8217;hanno arricchita dal punto di vista professionale, personale e spirituale. In quegli anni ha imparato molto e ringrazia tanto le persone meravigliose che ha incontrato sulla sua strada e che l&#8217;hanno portata ad essere quella che \u00e8 oggi. <\/p>\n\n\n\n<p>Ancora oggi lavora come Libera Professionista continuando il suo cammino a fianco delle donne e per le donne, per i bambini e i pap\u00e0, accompagnandoli in una genitorialit\u00e0 consapevole per scegliere una nascita pi\u00f9 rispettosa e naturale.<\/p>\n\n\n\n<p>Mail : ilaria.orzi@gmail.com<\/p>\n\n\n\n<p>\u260e\ufe0f+39 339 430 4336<\/p>\n\n\n\n<figure class=\"wp-block-image size-full is-resized\"><img data-recalc-dims=\"1\" loading=\"lazy\" decoding=\"async\" width=\"691\" height=\"873\" src=\"https:\/\/i0.wp.com\/osteopata-lauriane.com\/wp-content\/uploads\/2026\/03\/Orzi.jpeg?resize=691%2C873&#038;ssl=1\" alt=\"\" class=\"wp-image-1335\" style=\"aspect-ratio:0.7915331900571753;width:435px;height:auto\" srcset=\"https:\/\/i0.wp.com\/osteopata-lauriane.com\/wp-content\/uploads\/2026\/03\/Orzi.jpeg?w=691&amp;ssl=1 691w, https:\/\/i0.wp.com\/osteopata-lauriane.com\/wp-content\/uploads\/2026\/03\/Orzi.jpeg?resize=237%2C300&amp;ssl=1 237w\" sizes=\"auto, (max-width: 691px) 100vw, 691px\" \/><\/figure>\n","protected":false},"excerpt":{"rendered":"<p>Selene Siria Ostetrica per la nascita consapevole e rispettata.Accompagna le coppie e le famiglie da pi\u00f9 di 10 anni principalmente al domicilio,occupandosi di assistenza alla gravidanza fisiologica, parto a casa, puerperio, allattamento, trattamento delle cicatrici del cesareo e massaggio infantile. Dal 2019 \u00e8 Operatrice Olistica del Suono, quindi unisce il suo essere ostetrica all&#8217;arte del&hellip; <a class=\"more-link\" href=\"https:\/\/osteopata-lauriane.com\/?p=1221\">Continua a leggere <span class=\"screen-reader-text\">Ostetrica Olistica e Saluto-fisiologica<\/span><\/a><\/p>\n","protected":false},"author":1,"featured_media":0,"comment_status":"open","ping_status":"closed","sticky":false,"template":"","format":"standard","meta":{"advanced_seo_description":"","jetpack_seo_html_title":"","jetpack_seo_noindex":false,"_jetpack_memberships_contains_paid_content":false,"footnotes":""},"categories":[1],"tags":[],"class_list":["post-1221","post","type-post","status-publish","format-standard","hentry","category-uncategorized","entry"],"jetpack_featured_media_url":"","jetpack-related-posts":[{"id":1459,"url":"https:\/\/osteopata-lauriane.com\/?p=1459","url_meta":{"origin":1221,"position":0},"title":"Consulenza Osteo &amp; Ostetricia\ud83c\udf38","author":"admin","date":"Aprile 22, 2026","format":false,"excerpt":"Cos\u2019\u00e8 la consulenza Osteo+Ostetricia \ud83e\udd0d Un percorso pensato per accompagnarti durante la gravidanza e nel post parto, prendendosi cura della diade mamma-bambino in modo completo. Due professioni, un unico obiettivo: offrire strumenti pratici, ascolto e consapevolezza. Dalla gravidanza \u2014 tra i cambiamenti del corpo, le emozioni e la percezione di\u2026","rel":"","context":"Articolo simile","block_context":{"text":"Articolo simile","link":""},"img":{"alt_text":"","src":"https:\/\/i0.wp.com\/osteopata-lauriane.com\/wp-content\/uploads\/2026\/04\/WhatsApp-Image-2026-04-22-at-11.32.38.jpeg?resize=350%2C200&ssl=1","width":350,"height":200,"srcset":"https:\/\/i0.wp.com\/osteopata-lauriane.com\/wp-content\/uploads\/2026\/04\/WhatsApp-Image-2026-04-22-at-11.32.38.jpeg?resize=350%2C200&ssl=1 1x, https:\/\/i0.wp.com\/osteopata-lauriane.com\/wp-content\/uploads\/2026\/04\/WhatsApp-Image-2026-04-22-at-11.32.38.jpeg?resize=525%2C300&ssl=1 1.5x, https:\/\/i0.wp.com\/osteopata-lauriane.com\/wp-content\/uploads\/2026\/04\/WhatsApp-Image-2026-04-22-at-11.32.38.jpeg?resize=700%2C400&ssl=1 2x, https:\/\/i0.wp.com\/osteopata-lauriane.com\/wp-content\/uploads\/2026\/04\/WhatsApp-Image-2026-04-22-at-11.32.38.jpeg?resize=1050%2C600&ssl=1 3x, https:\/\/i0.wp.com\/osteopata-lauriane.com\/wp-content\/uploads\/2026\/04\/WhatsApp-Image-2026-04-22-at-11.32.38.jpeg?resize=1400%2C800&ssl=1 4x"},"classes":[]},{"id":1351,"url":"https:\/\/osteopata-lauriane.com\/?p=1351","url_meta":{"origin":1221,"position":1},"title":"Come facilito beb\u00e8 nei primi mesi di vita?","author":"admin","date":"Marzo 20, 2026","format":false,"excerpt":"Prevenzione e sviluppo neuropsicomotorio: perch\u00e9 i primi mesi sono cos\u00ec importanti? Ogni bambino, fin dai primi giorni di vita, possiede un incredibile potenziale di crescita e apprendimento. Per i bambini nati prematuri, ma anche per tutti gli altri, i primi mesi sono un periodo cruciale: il cervello \u00e8 in rapida\u2026","rel":"","context":"Articolo simile","block_context":{"text":"Articolo simile","link":""},"img":{"alt_text":"","src":"https:\/\/i0.wp.com\/osteopata-lauriane.com\/wp-content\/uploads\/2026\/03\/WhatsApp-Image-2026-03-20-at-14.37.14-2.jpeg?resize=350%2C200&ssl=1","width":350,"height":200},"classes":[]},{"id":1087,"url":"https:\/\/osteopata-lauriane.com\/?p=1087","url_meta":{"origin":1221,"position":2},"title":"Benefici di stare in piedi sul sale grosso","author":"admin","date":"Marzo 6, 2026","format":false,"excerpt":"Benefici di stare in piedi sul sale grosso: una prospettiva scientifica e olistica Stare in piedi a piedi nudi sul sale grosso, in particolare sul sale dell\u2019Himalaya o sul sale marino integrale, \u00e8 una pratica che combina principi di grounding (o earthing), ionizzazione e riflessologia plantare. Questa pratica, sebbene non\u2026","rel":"","context":"Articolo simile","block_context":{"text":"Articolo simile","link":""},"img":{"alt_text":"","src":"https:\/\/i0.wp.com\/osteopata-lauriane.com\/wp-content\/uploads\/2026\/03\/WhatsApp-Image-2026-03-06-at-10.58.24.jpeg?resize=350%2C200&ssl=1","width":350,"height":200,"srcset":"https:\/\/i0.wp.com\/osteopata-lauriane.com\/wp-content\/uploads\/2026\/03\/WhatsApp-Image-2026-03-06-at-10.58.24.jpeg?resize=350%2C200&ssl=1 1x, https:\/\/i0.wp.com\/osteopata-lauriane.com\/wp-content\/uploads\/2026\/03\/WhatsApp-Image-2026-03-06-at-10.58.24.jpeg?resize=525%2C300&ssl=1 1.5x, https:\/\/i0.wp.com\/osteopata-lauriane.com\/wp-content\/uploads\/2026\/03\/WhatsApp-Image-2026-03-06-at-10.58.24.jpeg?resize=700%2C400&ssl=1 2x"},"classes":[]},{"id":1216,"url":"https:\/\/osteopata-lauriane.com\/?p=1216","url_meta":{"origin":1221,"position":3},"title":"Coach e Fisioterapia Psicosomatica","author":"admin","date":"Marzo 13, 2026","format":false,"excerpt":"Monica Canova - IL CORPO NON MENTE Monica \u00e8 una mental coach e fisioterapista.Si occupa di sintomi psicosomatici e disturbi del nervo vago, in particolare in donne che tendono a somatizzare molto stress ed emozioni nel corpo. Ha un master in psico-neuro-endocrino-immunologia (PNEI) e neuroscienze e diverse formazioni avanzate per\u2026","rel":"","context":"Articolo simile","block_context":{"text":"Articolo simile","link":""},"img":{"alt_text":"","src":"https:\/\/i0.wp.com\/osteopata-lauriane.com\/wp-content\/uploads\/2026\/03\/Canova.jpeg?resize=350%2C200&ssl=1","width":350,"height":200,"srcset":"https:\/\/i0.wp.com\/osteopata-lauriane.com\/wp-content\/uploads\/2026\/03\/Canova.jpeg?resize=350%2C200&ssl=1 1x, https:\/\/i0.wp.com\/osteopata-lauriane.com\/wp-content\/uploads\/2026\/03\/Canova.jpeg?resize=525%2C300&ssl=1 1.5x"},"classes":[]},{"id":1220,"url":"https:\/\/osteopata-lauriane.com\/?p=1220","url_meta":{"origin":1221,"position":4},"title":"Metodo Armonium \u2728","author":"admin","date":"Marzo 13, 2026","format":false,"excerpt":"Chiara Servidei \u00e8 una terapista Olistica che lavora nel suo studio Armonium a Milano. Negli anni ha creato il Metodo Armonium \ud83c\udf43 un percorso trasformativo che ha gi\u00e0 accompagnato moltissime persone verso il proprio equilibrio profondo, unendo scienza energetica, saggezza antica e visione contemporanea. Un approccio sartoriale e unico, cucito\u2026","rel":"","context":"Articolo simile","block_context":{"text":"Articolo simile","link":""},"img":{"alt_text":"","src":"https:\/\/i0.wp.com\/osteopata-lauriane.com\/wp-content\/uploads\/2026\/03\/Servidei-1.jpeg?resize=350%2C200&ssl=1","width":350,"height":200,"srcset":"https:\/\/i0.wp.com\/osteopata-lauriane.com\/wp-content\/uploads\/2026\/03\/Servidei-1.jpeg?resize=350%2C200&ssl=1 1x, https:\/\/i0.wp.com\/osteopata-lauriane.com\/wp-content\/uploads\/2026\/03\/Servidei-1.jpeg?resize=525%2C300&ssl=1 1.5x, https:\/\/i0.wp.com\/osteopata-lauriane.com\/wp-content\/uploads\/2026\/03\/Servidei-1.jpeg?resize=700%2C400&ssl=1 2x, https:\/\/i0.wp.com\/osteopata-lauriane.com\/wp-content\/uploads\/2026\/03\/Servidei-1.jpeg?resize=1050%2C600&ssl=1 3x"},"classes":[]},{"id":1366,"url":"https:\/\/osteopata-lauriane.com\/?p=1366","url_meta":{"origin":1221,"position":5},"title":"Terapia cranio-sacrale e rilascio somato-emozionale","author":"admin","date":"Marzo 20, 2026","format":false,"excerpt":"E' stata sviluppata da John E. Upledger, medico osteopata. Principio base:La Terapia Cranio-Sacrale si concentra sul sistema cranio-sacrale, un sistema fisiologico che avvolge e protegge il sistema nervoso centrale (cervello e midollo spinale). Questo sistema \u00e8 composto da membrane, liquido cerebrospinale e ossa del cranio, della colonna vertebrale e del\u2026","rel":"","context":"Articolo simile","block_context":{"text":"Articolo simile","link":""},"img":{"alt_text":"","src":"https:\/\/i0.wp.com\/osteopata-lauriane.com\/wp-content\/uploads\/2026\/03\/WhatsApp-Image-2026-03-20-at-10.19.24.jpeg?resize=350%2C200&ssl=1","width":350,"height":200,"srcset":"https:\/\/i0.wp.com\/osteopata-lauriane.com\/wp-content\/uploads\/2026\/03\/WhatsApp-Image-2026-03-20-at-10.19.24.jpeg?resize=350%2C200&ssl=1 1x, https:\/\/i0.wp.com\/osteopata-lauriane.com\/wp-content\/uploads\/2026\/03\/WhatsApp-Image-2026-03-20-at-10.19.24.jpeg?resize=525%2C300&ssl=1 1.5x, https:\/\/i0.wp.com\/osteopata-lauriane.com\/wp-content\/uploads\/2026\/03\/WhatsApp-Image-2026-03-20-at-10.19.24.jpeg?resize=700%2C400&ssl=1 2x"},"classes":[]}],"jetpack_sharing_enabled":true,"_links":{"self":[{"href":"https:\/\/osteopata-lauriane.com\/index.php?rest_route=\/wp\/v2\/posts\/1221","targetHints":{"allow":["GET"]}}],"collection":[{"href":"https:\/\/osteopata-lauriane.com\/index.php?rest_route=\/wp\/v2\/posts"}],"about":[{"href":"https:\/\/osteopata-lauriane.com\/index.php?rest_route=\/wp\/v2\/types\/post"}],"author":[{"embeddable":true,"href":"https:\/\/osteopata-lauriane.com\/index.php?rest_route=\/wp\/v2\/users\/1"}],"replies":[{"embeddable":true,"href":"https:\/\/osteopata-lauriane.com\/index.php?rest_route=%2Fwp%2Fv2%2Fcomments&post=1221"}],"version-history":[{"count":10,"href":"https:\/\/osteopata-lauriane.com\/index.php?rest_route=\/wp\/v2\/posts\/1221\/revisions"}],"predecessor-version":[{"id":1350,"href":"https:\/\/osteopata-lauriane.com\/index.php?rest_route=\/wp\/v2\/posts\/1221\/revisions\/1350"}],"wp:attachment":[{"href":"https:\/\/osteopata-lauriane.com\/index.php?rest_route=%2Fwp%2Fv2%2Fmedia&parent=1221"}],"wp:term":[{"taxonomy":"category","embeddable":true,"href":"https:\/\/osteopata-lauriane.com\/index.php?rest_route=%2Fwp%2Fv2%2Fcategories&post=1221"},{"taxonomy":"post_tag","embeddable":true,"href":"https:\/\/osteopata-lauriane.com\/index.php?rest_route=%2Fwp%2Fv2%2Ftags&post=1221"}],"curies":[{"name":"wp","href":"https:\/\/api.w.org\/{rel}","templated":true}]}}