{"id":1219,"date":"2026-03-13T10:05:59","date_gmt":"2026-03-13T10:05:59","guid":{"rendered":"https:\/\/osteopata-lauriane.com\/?p=1219"},"modified":"2026-03-13T17:30:05","modified_gmt":"2026-03-13T17:30:05","slug":"terapia-neuro-e-psicomotricita-evolutiva","status":"publish","type":"post","link":"https:\/\/osteopata-lauriane.com\/?p=1219","title":{"rendered":"Terapia Neuro e Psicomotricit\u00e0 Evolutiva"},"content":{"rendered":"\n<p><strong>Arianna Scudeler<\/strong> \u00e8 una terapeuta&nbsp;TNPEE: Professionista Sanitario che, previa regolare iscrizione all\u2019Ordine TSRM e PSTRP, svolge in et\u00e0 precoce, pediatrica ed evolutiva interventi di prevenzione, abilitazione e riabilitazione rivolti alle disarmonie e disabilit\u00e0 dell\u2019et\u00e0 evolutiva (fascia di et\u00e0 0 \u2013 18 anni). Riceve nello <a href=\"https:\/\/www.diagnositerapiarozzano.it\/studio-diagnosi-e-terapia\">Studio Diagnosi e Terapia<\/a> \ud83c\udf43<\/p>\n\n\n\n<p>Effettua il suo intervento all\u2019interno della cornice teorica del Modello bio-psico-sociale della disabilit\u00e0, suggerito dall\u2019Organizzazione Mondiale della Sanit\u00e0 (OMS), ed elabora gli obiettivi del suo intervento grazie ai riferimenti operativi della Classificazione Internazionale del Funzionamento, delle Disabilit\u00e0 e della Salute \u2013 Versione Bambini ed Adolescenti (ICF-CY), elaborata dall\u2019OMS.<\/p>\n\n\n\n<ul class=\"wp-block-list\">\n<li>Possiede una laurea triennale in Terapia della Neuro e Psicomotricit\u00e0, conseguita presso la Facolt\u00e0 di Medicina e Chirurgia, che conferisce competenze specifiche e trasversali su tutte le aree dello sviluppo;<\/li>\n\n\n\n<li>\u00c8 l\u2019unico Professionista dell\u2019area della Riabilitazione che si forma sull\u2019et\u00e0 evolutiva per l\u2019intero corso di studi;<\/li>\n\n\n\n<li>Sostiene una prova abilitante per potere esercitare la professione, equivalente all\u2019Esame di Stato;<\/li>\n\n\n\n<li>Collabora con le \u00e9quipes multidisciplinari formate da neuropsichiatra infantile, psicologo, professionisti della riabilitazione, pediatra e con il personale scolastico e gli operatori dell\u2019area pedagogica;<\/li>\n\n\n\n<li>Contribuisce alla realizzazione del bilancio diagnostico e terapeutico;<\/li>\n\n\n\n<li>Mantiene aggiornate le sue competenze su tecniche e metodiche di valutazione e d\u2019intervento, partecipando a corsi di formazione, monitorati attraverso il sistema di Educazione Continua in Medicina;<\/li>\n\n\n\n<li>Dal 2018 \u00e8 obbligato ad essere regolarmente iscritto all&#8217;Albo professionale provinciale degli Ordini TSRM e PSTRP;<\/li>\n\n\n\n<li>Pu\u00f2 attivare percorsi di natura educativa, preventiva e riabilitativo anche in assenza di diagnosi.<\/li>\n<\/ul>\n\n\n\n<p>In quali situazioni \u00e8 indicato l&#8217;intervento del TNPEE:<\/p>\n\n\n\n<p>L\u2019intervento del TNPEE pu\u00f2 essere utile nel caso in cui si abbia qualche dubbio rispetto allo sviluppo del bambino e si desideri un confronto per comprendere i bisogni evolutivi e le attenzioni educative utili ad accompagnare lo sviluppo.<\/p>\n\n\n\n<p>In particolare il lavoro del TNPEE \u00e8 indicato in caso di:<\/p>\n\n\n\n<ul class=\"wp-block-list\">\n<li>Ritardo Globale di Sviluppo (\u201critardo psicomotorio\u201d o alterazione nell\u2019acquisizione delle funzioni in et\u00e0 0-5);<\/li>\n\n\n\n<li>Disturbi dello sviluppo della Coordinazione Motoria (impaccio, maldestrezza, disprassia);<\/li>\n\n\n\n<li>Disturbi dello Spettro Autistico;<\/li>\n\n\n\n<li>Disturbi della Regolazione;<\/li>\n\n\n\n<li>Disturbi della Relazione e della Comunicazione;<\/li>\n\n\n\n<li>Disturbi da Deficit di Attenzione, Iperattivit\u00e0, Impulsivit\u00e0;<\/li>\n\n\n\n<li>Disturbi Specifici di Apprendimento;<\/li>\n\n\n\n<li>Disturbi dello Sviluppo Intellettivo;<\/li>\n\n\n\n<li>Disturbi Neuromotori e Sensoriali.<\/li>\n<\/ul>\n\n\n\n<p><a href=\"https:\/\/www.instagram.com\/studiodiagnosieterapiarozzano?igsh=MWt4ZDBieGR3YWZ3NQ==\">INSTAGRAM<\/a> \ud83c\udf37<\/p>\n\n\n\n<p><\/p>\n","protected":false},"excerpt":{"rendered":"<p>Arianna Scudeler \u00e8 una terapeuta&nbsp;TNPEE: Professionista Sanitario che, previa regolare iscrizione all\u2019Ordine TSRM e PSTRP, svolge in et\u00e0 precoce, pediatrica ed evolutiva interventi di prevenzione, abilitazione e riabilitazione rivolti alle disarmonie e disabilit\u00e0 dell\u2019et\u00e0 evolutiva (fascia di et\u00e0 0 \u2013 18 anni). Riceve nello Studio Diagnosi e Terapia \ud83c\udf43 Effettua il suo intervento all\u2019interno della&hellip; <a class=\"more-link\" href=\"https:\/\/osteopata-lauriane.com\/?p=1219\">Continua a leggere <span class=\"screen-reader-text\">Terapia Neuro e Psicomotricit\u00e0 Evolutiva<\/span><\/a><\/p>\n","protected":false},"author":1,"featured_media":0,"comment_status":"open","ping_status":"closed","sticky":false,"template":"","format":"standard","meta":{"advanced_seo_description":"","jetpack_seo_html_title":"","jetpack_seo_noindex":false,"_jetpack_memberships_contains_paid_content":false,"footnotes":""},"categories":[1],"tags":[],"class_list":["post-1219","post","type-post","status-publish","format-standard","hentry","category-uncategorized","entry"],"jetpack_featured_media_url":"","jetpack-related-posts":[{"id":1215,"url":"https:\/\/osteopata-lauriane.com\/?p=1215","url_meta":{"origin":1219,"position":0},"title":"Psicoterapia per Famiglie ed et\u00e0 Evolutiva 0-5 anni","author":"admin","date":"Marzo 13, 2026","format":false,"excerpt":"Erica Curti, \u00e8 una psicologa e psicoterapeuta specializzata nell\u2019aiuto delle famiglie e individui con orientamento psicoanalitico. Si occupa dell\u2019et\u00e0 evolutiva soprattutto della fascia 0-5. Tratta anche adolescenti, adulti e svolge sostegno alla genitorialit\u00e0. La dottoressa \u00e8 la referente psicologica dell'area bambini pressoLo Studio Diagnosi e Terapia\ud83c\udf43. Quest'ultimo nasce dall\u2019incontro di\u2026","rel":"","context":"Articolo simile","block_context":{"text":"Articolo simile","link":""},"img":{"alt_text":"","src":"","width":0,"height":0},"classes":[]},{"id":1220,"url":"https:\/\/osteopata-lauriane.com\/?p=1220","url_meta":{"origin":1219,"position":1},"title":"Metodo Armonium \u2728","author":"admin","date":"Marzo 13, 2026","format":false,"excerpt":"Chiara Servidei \u00e8 una terapista Olistica che lavora nel suo studio Armonium a Milano. Negli anni ha creato il Metodo Armonium \ud83c\udf43 un percorso trasformativo che ha gi\u00e0 accompagnato moltissime persone verso il proprio equilibrio profondo, unendo scienza energetica, saggezza antica e visione contemporanea. Un approccio sartoriale e unico, cucito\u2026","rel":"","context":"Articolo simile","block_context":{"text":"Articolo simile","link":""},"img":{"alt_text":"","src":"https:\/\/i0.wp.com\/osteopata-lauriane.com\/wp-content\/uploads\/2026\/03\/Servidei-1.jpeg?resize=350%2C200&ssl=1","width":350,"height":200,"srcset":"https:\/\/i0.wp.com\/osteopata-lauriane.com\/wp-content\/uploads\/2026\/03\/Servidei-1.jpeg?resize=350%2C200&ssl=1 1x, https:\/\/i0.wp.com\/osteopata-lauriane.com\/wp-content\/uploads\/2026\/03\/Servidei-1.jpeg?resize=525%2C300&ssl=1 1.5x, https:\/\/i0.wp.com\/osteopata-lauriane.com\/wp-content\/uploads\/2026\/03\/Servidei-1.jpeg?resize=700%2C400&ssl=1 2x, https:\/\/i0.wp.com\/osteopata-lauriane.com\/wp-content\/uploads\/2026\/03\/Servidei-1.jpeg?resize=1050%2C600&ssl=1 3x"},"classes":[]},{"id":1216,"url":"https:\/\/osteopata-lauriane.com\/?p=1216","url_meta":{"origin":1219,"position":2},"title":"Coach e Fisioterapia Psicosomatica","author":"admin","date":"Marzo 13, 2026","format":false,"excerpt":"Monica Canova - IL CORPO NON MENTE Monica \u00e8 una mental coach e fisioterapista.Si occupa di sintomi psicosomatici e disturbi del nervo vago, in particolare in donne che tendono a somatizzare molto stress ed emozioni nel corpo. Ha un master in psico-neuro-endocrino-immunologia (PNEI) e neuroscienze e diverse formazioni avanzate per\u2026","rel":"","context":"Articolo simile","block_context":{"text":"Articolo simile","link":""},"img":{"alt_text":"","src":"https:\/\/i0.wp.com\/osteopata-lauriane.com\/wp-content\/uploads\/2026\/03\/Canova.jpeg?resize=350%2C200&ssl=1","width":350,"height":200,"srcset":"https:\/\/i0.wp.com\/osteopata-lauriane.com\/wp-content\/uploads\/2026\/03\/Canova.jpeg?resize=350%2C200&ssl=1 1x, https:\/\/i0.wp.com\/osteopata-lauriane.com\/wp-content\/uploads\/2026\/03\/Canova.jpeg?resize=525%2C300&ssl=1 1.5x"},"classes":[]},{"id":1366,"url":"https:\/\/osteopata-lauriane.com\/?p=1366","url_meta":{"origin":1219,"position":3},"title":"Terapia cranio-sacrale e rilascio somato-emozionale","author":"admin","date":"Marzo 20, 2026","format":false,"excerpt":"E' stata sviluppata da John E. Upledger, medico osteopata. Principio base:La Terapia Cranio-Sacrale si concentra sul sistema cranio-sacrale, un sistema fisiologico che avvolge e protegge il sistema nervoso centrale (cervello e midollo spinale). Questo sistema \u00e8 composto da membrane, liquido cerebrospinale e ossa del cranio, della colonna vertebrale e del\u2026","rel":"","context":"Articolo simile","block_context":{"text":"Articolo simile","link":""},"img":{"alt_text":"","src":"https:\/\/i0.wp.com\/osteopata-lauriane.com\/wp-content\/uploads\/2026\/03\/WhatsApp-Image-2026-03-20-at-10.19.24.jpeg?resize=350%2C200&ssl=1","width":350,"height":200,"srcset":"https:\/\/i0.wp.com\/osteopata-lauriane.com\/wp-content\/uploads\/2026\/03\/WhatsApp-Image-2026-03-20-at-10.19.24.jpeg?resize=350%2C200&ssl=1 1x, https:\/\/i0.wp.com\/osteopata-lauriane.com\/wp-content\/uploads\/2026\/03\/WhatsApp-Image-2026-03-20-at-10.19.24.jpeg?resize=525%2C300&ssl=1 1.5x, https:\/\/i0.wp.com\/osteopata-lauriane.com\/wp-content\/uploads\/2026\/03\/WhatsApp-Image-2026-03-20-at-10.19.24.jpeg?resize=700%2C400&ssl=1 2x"},"classes":[]},{"id":1174,"url":"https:\/\/osteopata-lauriane.com\/?p=1174","url_meta":{"origin":1219,"position":4},"title":"Effetti secondari al trattamento osteopatico","author":"admin","date":"Marzo 8, 2026","format":false,"excerpt":"L\u2019osteopatia: un approccio olistico per tutte le et\u00e0 L\u2019osteopatia \u00e8 una medicina alternativa adatta a ogni fascia d\u2019et\u00e0. La sua caratteristica fondamentale non \u00e8 quella di concentrarsi esclusivamente sul sintomo, ma di indagare e trattare la causa originaria del dolore. Durante il trattamento, il corpo del paziente viene stimolato attentamente\u2026","rel":"","context":"Articolo simile","block_context":{"text":"Articolo simile","link":""},"img":{"alt_text":"","src":"","width":0,"height":0},"classes":[]},{"id":1459,"url":"https:\/\/osteopata-lauriane.com\/?p=1459","url_meta":{"origin":1219,"position":5},"title":"Consulenza Osteo &amp; Ostetricia\ud83c\udf38","author":"admin","date":"Aprile 22, 2026","format":false,"excerpt":"Cos\u2019\u00e8 la consulenza Osteo+Ostetricia \ud83e\udd0d Un percorso pensato per accompagnarti durante la gravidanza e nel post parto, prendendosi cura della diade mamma-bambino in modo completo. Due professioni, un unico obiettivo: offrire strumenti pratici, ascolto e consapevolezza. Dalla gravidanza \u2014 tra i cambiamenti del corpo, le emozioni e la percezione di\u2026","rel":"","context":"Articolo simile","block_context":{"text":"Articolo simile","link":""},"img":{"alt_text":"","src":"https:\/\/i0.wp.com\/osteopata-lauriane.com\/wp-content\/uploads\/2026\/04\/WhatsApp-Image-2026-04-22-at-11.32.38.jpeg?resize=350%2C200&ssl=1","width":350,"height":200,"srcset":"https:\/\/i0.wp.com\/osteopata-lauriane.com\/wp-content\/uploads\/2026\/04\/WhatsApp-Image-2026-04-22-at-11.32.38.jpeg?resize=350%2C200&ssl=1 1x, https:\/\/i0.wp.com\/osteopata-lauriane.com\/wp-content\/uploads\/2026\/04\/WhatsApp-Image-2026-04-22-at-11.32.38.jpeg?resize=525%2C300&ssl=1 1.5x, https:\/\/i0.wp.com\/osteopata-lauriane.com\/wp-content\/uploads\/2026\/04\/WhatsApp-Image-2026-04-22-at-11.32.38.jpeg?resize=700%2C400&ssl=1 2x, https:\/\/i0.wp.com\/osteopata-lauriane.com\/wp-content\/uploads\/2026\/04\/WhatsApp-Image-2026-04-22-at-11.32.38.jpeg?resize=1050%2C600&ssl=1 3x, https:\/\/i0.wp.com\/osteopata-lauriane.com\/wp-content\/uploads\/2026\/04\/WhatsApp-Image-2026-04-22-at-11.32.38.jpeg?resize=1400%2C800&ssl=1 4x"},"classes":[]}],"jetpack_sharing_enabled":true,"_links":{"self":[{"href":"https:\/\/osteopata-lauriane.com\/index.php?rest_route=\/wp\/v2\/posts\/1219","targetHints":{"allow":["GET"]}}],"collection":[{"href":"https:\/\/osteopata-lauriane.com\/index.php?rest_route=\/wp\/v2\/posts"}],"about":[{"href":"https:\/\/osteopata-lauriane.com\/index.php?rest_route=\/wp\/v2\/types\/post"}],"author":[{"embeddable":true,"href":"https:\/\/osteopata-lauriane.com\/index.php?rest_route=\/wp\/v2\/users\/1"}],"replies":[{"embeddable":true,"href":"https:\/\/osteopata-lauriane.com\/index.php?rest_route=%2Fwp%2Fv2%2Fcomments&post=1219"}],"version-history":[{"count":3,"href":"https:\/\/osteopata-lauriane.com\/index.php?rest_route=\/wp\/v2\/posts\/1219\/revisions"}],"predecessor-version":[{"id":1333,"href":"https:\/\/osteopata-lauriane.com\/index.php?rest_route=\/wp\/v2\/posts\/1219\/revisions\/1333"}],"wp:attachment":[{"href":"https:\/\/osteopata-lauriane.com\/index.php?rest_route=%2Fwp%2Fv2%2Fmedia&parent=1219"}],"wp:term":[{"taxonomy":"category","embeddable":true,"href":"https:\/\/osteopata-lauriane.com\/index.php?rest_route=%2Fwp%2Fv2%2Fcategories&post=1219"},{"taxonomy":"post_tag","embeddable":true,"href":"https:\/\/osteopata-lauriane.com\/index.php?rest_route=%2Fwp%2Fv2%2Ftags&post=1219"}],"curies":[{"name":"wp","href":"https:\/\/api.w.org\/{rel}","templated":true}]}}