{"id":1215,"date":"2026-03-13T10:05:59","date_gmt":"2026-03-13T10:05:59","guid":{"rendered":"https:\/\/osteopata-lauriane.com\/?p=1215"},"modified":"2026-04-22T09:07:08","modified_gmt":"2026-04-22T09:07:08","slug":"psicoterapia-per-famiglie-ed-eta-evolutiva-0-5-anni","status":"publish","type":"post","link":"https:\/\/osteopata-lauriane.com\/?p=1215","title":{"rendered":"Psicoterapia per Famiglie ed et\u00e0 Evolutiva 0-5 anni"},"content":{"rendered":"\n<p><strong>Erica Curti<\/strong>, \u00e8 una psicologa e psicoterapeuta specializzata nell\u2019aiuto delle famiglie e individui con orientamento psicoanalitico.<\/p>\n\n\n\n<p>Si occupa dell\u2019et\u00e0 evolutiva soprattutto della fascia 0-5. Tratta anche adolescenti, adulti e svolge sostegno alla genitorialit\u00e0.<\/p>\n\n\n\n<p>La dottoressa \u00e8 la referente psicologica dell&#8217;area bambini presso<br>Lo Studio Diagnosi e Terapia\ud83c\udf43. Quest&#8217;ultimo nasce dall\u2019incontro di professionisti di varie discipline, accomunati dal desiderio di aiutare le persone attraverso una modalit\u00e0 di lavoro integrato, con attenzione alla dimensione affettiva, relazionale, comunicativa e cognitiva.<\/p>\n\n\n\n<p>I professionisti di questo studio si occupano di bambini in et\u00e0 prescolare e scolare; adolescenti e giovani; adulti e coppie, con percorsi personalizzati e, se necessario, in rete con i Servizi del territorio.<\/p>\n\n\n\n<p><strong>All\u2019interno dello Studio collaborano diversi professionisti specializzati in:<\/strong><\/p>\n\n\n\n<ul class=\"wp-block-list\">\n<li>Disturbi dello Spettro dell\u2019Autismo (come da linee guida);<\/li>\n<\/ul>\n\n\n\n<ul class=\"wp-block-list\">\n<li>Metodo Feuerstein;<\/li>\n<\/ul>\n\n\n\n<ul class=\"wp-block-list\">\n<li>Comunicazione Aumentativa Alternativa (CAA);<\/li>\n<\/ul>\n\n\n\n<ul class=\"wp-block-list\">\n<li>Massaggio Infantile (A.I.M.I.)<\/li>\n<\/ul>\n\n\n\n<p>CONTATTI: <\/p>\n\n\n\n<p>studiopsi.rozzano@gmail.com<br><a href=\"https:\/\/www.diagnositerapiarozzano.it\/\">www.diagnositerapiarozzano.it<\/a><\/p>\n\n\n\n<p><a href=\"https:\/\/www.instagram.com\/studiodiagnosieterapiarozzano?igsh=MWt4ZDBieGR3YWZ3NQ==\">INSTAGRAM <\/a>\ud83c\udf37<\/p>\n\n\n\n<p><\/p>\n","protected":false},"excerpt":{"rendered":"<p>Erica Curti, \u00e8 una psicologa e psicoterapeuta specializzata nell\u2019aiuto delle famiglie e individui con orientamento psicoanalitico. Si occupa dell\u2019et\u00e0 evolutiva soprattutto della fascia 0-5. Tratta anche adolescenti, adulti e svolge sostegno alla genitorialit\u00e0. La dottoressa \u00e8 la referente psicologica dell&#8217;area bambini pressoLo Studio Diagnosi e Terapia\ud83c\udf43. Quest&#8217;ultimo nasce dall\u2019incontro di professionisti di varie discipline, accomunati&hellip; <a class=\"more-link\" href=\"https:\/\/osteopata-lauriane.com\/?p=1215\">Continua a leggere <span class=\"screen-reader-text\">Psicoterapia per Famiglie ed et\u00e0 Evolutiva 0-5 anni<\/span><\/a><\/p>\n","protected":false},"author":1,"featured_media":0,"comment_status":"open","ping_status":"closed","sticky":false,"template":"","format":"standard","meta":{"advanced_seo_description":"","jetpack_seo_html_title":"","jetpack_seo_noindex":false,"_jetpack_memberships_contains_paid_content":false,"footnotes":""},"categories":[1],"tags":[],"class_list":["post-1215","post","type-post","status-publish","format-standard","hentry","category-uncategorized","entry"],"jetpack_featured_media_url":"","jetpack-related-posts":[{"id":1219,"url":"https:\/\/osteopata-lauriane.com\/?p=1219","url_meta":{"origin":1215,"position":0},"title":"Terapia Neuro e Psicomotricit\u00e0 Evolutiva","author":"admin","date":"Marzo 13, 2026","format":false,"excerpt":"Arianna Scudeler \u00e8 una terapeuta\u00a0TNPEE: Professionista Sanitario che, previa regolare iscrizione all\u2019Ordine TSRM e PSTRP, svolge in et\u00e0 precoce, pediatrica ed evolutiva interventi di prevenzione, abilitazione e riabilitazione rivolti alle disarmonie e disabilit\u00e0 dell\u2019et\u00e0 evolutiva (fascia di et\u00e0 0 \u2013 18 anni). Riceve nello Studio Diagnosi e Terapia \ud83c\udf43 Effettua\u2026","rel":"","context":"Articolo simile","block_context":{"text":"Articolo simile","link":""},"img":{"alt_text":"","src":"","width":0,"height":0},"classes":[]},{"id":1220,"url":"https:\/\/osteopata-lauriane.com\/?p=1220","url_meta":{"origin":1215,"position":1},"title":"Metodo Armonium \u2728","author":"admin","date":"Marzo 13, 2026","format":false,"excerpt":"Chiara Servidei \u00e8 una terapista Olistica che lavora nel suo studio Armonium a Milano. Negli anni ha creato il Metodo Armonium \ud83c\udf43 un percorso trasformativo che ha gi\u00e0 accompagnato moltissime persone verso il proprio equilibrio profondo, unendo scienza energetica, saggezza antica e visione contemporanea. Un approccio sartoriale e unico, cucito\u2026","rel":"","context":"Articolo simile","block_context":{"text":"Articolo simile","link":""},"img":{"alt_text":"","src":"https:\/\/i0.wp.com\/osteopata-lauriane.com\/wp-content\/uploads\/2026\/03\/Servidei-1.jpeg?resize=350%2C200&ssl=1","width":350,"height":200,"srcset":"https:\/\/i0.wp.com\/osteopata-lauriane.com\/wp-content\/uploads\/2026\/03\/Servidei-1.jpeg?resize=350%2C200&ssl=1 1x, https:\/\/i0.wp.com\/osteopata-lauriane.com\/wp-content\/uploads\/2026\/03\/Servidei-1.jpeg?resize=525%2C300&ssl=1 1.5x, https:\/\/i0.wp.com\/osteopata-lauriane.com\/wp-content\/uploads\/2026\/03\/Servidei-1.jpeg?resize=700%2C400&ssl=1 2x, https:\/\/i0.wp.com\/osteopata-lauriane.com\/wp-content\/uploads\/2026\/03\/Servidei-1.jpeg?resize=1050%2C600&ssl=1 3x"},"classes":[]},{"id":1351,"url":"https:\/\/osteopata-lauriane.com\/?p=1351","url_meta":{"origin":1215,"position":2},"title":"Come facilito beb\u00e8 nei primi mesi di vita?","author":"admin","date":"Marzo 20, 2026","format":false,"excerpt":"Prevenzione e sviluppo neuropsicomotorio: perch\u00e9 i primi mesi sono cos\u00ec importanti? Ogni bambino, fin dai primi giorni di vita, possiede un incredibile potenziale di crescita e apprendimento. Per i bambini nati prematuri, ma anche per tutti gli altri, i primi mesi sono un periodo cruciale: il cervello \u00e8 in rapida\u2026","rel":"","context":"Articolo simile","block_context":{"text":"Articolo simile","link":""},"img":{"alt_text":"","src":"https:\/\/i0.wp.com\/osteopata-lauriane.com\/wp-content\/uploads\/2026\/03\/WhatsApp-Image-2026-03-20-at-14.37.14-2.jpeg?resize=350%2C200&ssl=1","width":350,"height":200},"classes":[]},{"id":1218,"url":"https:\/\/osteopata-lauriane.com\/?p=1218","url_meta":{"origin":1215,"position":3},"title":"Psicoterapia e Mindfulness","author":"admin","date":"Marzo 13, 2026","format":false,"excerpt":"Martina Veglio \u00e8 una psicologa-psicoterapeuta che lavora come libero professionista in ambito clinico sul territorio di Basiglio\/Mi3 e online. Collabora con le scuole elementari proponendo laboratori sulle emozioni e laboratori di yoga. Per passione infatti dopo la laurea in psicologia consegue un diploma come insegnante di yoga e di mindfulness.\u2026","rel":"","context":"Articolo simile","block_context":{"text":"Articolo simile","link":""},"img":{"alt_text":"","src":"https:\/\/i0.wp.com\/osteopata-lauriane.com\/wp-content\/uploads\/2026\/03\/Veglio.jpeg?resize=350%2C200&ssl=1","width":350,"height":200,"srcset":"https:\/\/i0.wp.com\/osteopata-lauriane.com\/wp-content\/uploads\/2026\/03\/Veglio.jpeg?resize=350%2C200&ssl=1 1x, https:\/\/i0.wp.com\/osteopata-lauriane.com\/wp-content\/uploads\/2026\/03\/Veglio.jpeg?resize=525%2C300&ssl=1 1.5x, https:\/\/i0.wp.com\/osteopata-lauriane.com\/wp-content\/uploads\/2026\/03\/Veglio.jpeg?resize=700%2C400&ssl=1 2x, https:\/\/i0.wp.com\/osteopata-lauriane.com\/wp-content\/uploads\/2026\/03\/Veglio.jpeg?resize=1050%2C600&ssl=1 3x, https:\/\/i0.wp.com\/osteopata-lauriane.com\/wp-content\/uploads\/2026\/03\/Veglio.jpeg?resize=1400%2C800&ssl=1 4x"},"classes":[]},{"id":1459,"url":"https:\/\/osteopata-lauriane.com\/?p=1459","url_meta":{"origin":1215,"position":4},"title":"Consulenza Osteo &amp; Ostetricia\ud83c\udf38","author":"admin","date":"Aprile 22, 2026","format":false,"excerpt":"Cos\u2019\u00e8 la consulenza Osteo+Ostetricia \ud83e\udd0d Un percorso pensato per accompagnarti durante la gravidanza e nel post parto, prendendosi cura della diade mamma-bambino in modo completo. Due professioni, un unico obiettivo: offrire strumenti pratici, ascolto e consapevolezza. Dalla gravidanza \u2014 tra i cambiamenti del corpo, le emozioni e la percezione di\u2026","rel":"","context":"Articolo simile","block_context":{"text":"Articolo simile","link":""},"img":{"alt_text":"","src":"https:\/\/i0.wp.com\/osteopata-lauriane.com\/wp-content\/uploads\/2026\/04\/WhatsApp-Image-2026-04-22-at-11.32.38.jpeg?resize=350%2C200&ssl=1","width":350,"height":200,"srcset":"https:\/\/i0.wp.com\/osteopata-lauriane.com\/wp-content\/uploads\/2026\/04\/WhatsApp-Image-2026-04-22-at-11.32.38.jpeg?resize=350%2C200&ssl=1 1x, https:\/\/i0.wp.com\/osteopata-lauriane.com\/wp-content\/uploads\/2026\/04\/WhatsApp-Image-2026-04-22-at-11.32.38.jpeg?resize=525%2C300&ssl=1 1.5x, https:\/\/i0.wp.com\/osteopata-lauriane.com\/wp-content\/uploads\/2026\/04\/WhatsApp-Image-2026-04-22-at-11.32.38.jpeg?resize=700%2C400&ssl=1 2x, https:\/\/i0.wp.com\/osteopata-lauriane.com\/wp-content\/uploads\/2026\/04\/WhatsApp-Image-2026-04-22-at-11.32.38.jpeg?resize=1050%2C600&ssl=1 3x, https:\/\/i0.wp.com\/osteopata-lauriane.com\/wp-content\/uploads\/2026\/04\/WhatsApp-Image-2026-04-22-at-11.32.38.jpeg?resize=1400%2C800&ssl=1 4x"},"classes":[]},{"id":1222,"url":"https:\/\/osteopata-lauriane.com\/?p=1222","url_meta":{"origin":1215,"position":5},"title":"Pilates","author":"admin","date":"Marzo 13, 2026","format":false,"excerpt":"Sara Vignolo Rivara \u00e8 la fondatrice e insegnante di Pilates Milano 3 \ud83c\udf43 In passato \u00e8 stata atleta agonista nella nazionale italiana di pattinaggio sul ghiaccio. Lo sport ha sempre fatto parte della sua vita e da oltre vent\u2019anni lavora in palestra insegnando diverse discipline, accompagnando tante persone nel loro\u2026","rel":"","context":"Articolo simile","block_context":{"text":"Articolo simile","link":""},"img":{"alt_text":"","src":"https:\/\/i0.wp.com\/osteopata-lauriane.com\/wp-content\/uploads\/2026\/03\/Vignolo.jpeg?resize=350%2C200&ssl=1","width":350,"height":200,"srcset":"https:\/\/i0.wp.com\/osteopata-lauriane.com\/wp-content\/uploads\/2026\/03\/Vignolo.jpeg?resize=350%2C200&ssl=1 1x, https:\/\/i0.wp.com\/osteopata-lauriane.com\/wp-content\/uploads\/2026\/03\/Vignolo.jpeg?resize=525%2C300&ssl=1 1.5x, https:\/\/i0.wp.com\/osteopata-lauriane.com\/wp-content\/uploads\/2026\/03\/Vignolo.jpeg?resize=700%2C400&ssl=1 2x"},"classes":[]}],"jetpack_sharing_enabled":true,"_links":{"self":[{"href":"https:\/\/osteopata-lauriane.com\/index.php?rest_route=\/wp\/v2\/posts\/1215","targetHints":{"allow":["GET"]}}],"collection":[{"href":"https:\/\/osteopata-lauriane.com\/index.php?rest_route=\/wp\/v2\/posts"}],"about":[{"href":"https:\/\/osteopata-lauriane.com\/index.php?rest_route=\/wp\/v2\/types\/post"}],"author":[{"embeddable":true,"href":"https:\/\/osteopata-lauriane.com\/index.php?rest_route=\/wp\/v2\/users\/1"}],"replies":[{"embeddable":true,"href":"https:\/\/osteopata-lauriane.com\/index.php?rest_route=%2Fwp%2Fv2%2Fcomments&post=1215"}],"version-history":[{"count":6,"href":"https:\/\/osteopata-lauriane.com\/index.php?rest_route=\/wp\/v2\/posts\/1215\/revisions"}],"predecessor-version":[{"id":1457,"href":"https:\/\/osteopata-lauriane.com\/index.php?rest_route=\/wp\/v2\/posts\/1215\/revisions\/1457"}],"wp:attachment":[{"href":"https:\/\/osteopata-lauriane.com\/index.php?rest_route=%2Fwp%2Fv2%2Fmedia&parent=1215"}],"wp:term":[{"taxonomy":"category","embeddable":true,"href":"https:\/\/osteopata-lauriane.com\/index.php?rest_route=%2Fwp%2Fv2%2Fcategories&post=1215"},{"taxonomy":"post_tag","embeddable":true,"href":"https:\/\/osteopata-lauriane.com\/index.php?rest_route=%2Fwp%2Fv2%2Ftags&post=1215"}],"curies":[{"name":"wp","href":"https:\/\/api.w.org\/{rel}","templated":true}]}}